{"id":4040,"date":"2026-01-16T15:43:05","date_gmt":"2026-01-16T14:43:05","guid":{"rendered":"https:\/\/www.lamusereve.fr\/?p=4040"},"modified":"2026-01-16T16:42:22","modified_gmt":"2026-01-16T15:42:22","slug":"les-nuits-de-la-lecture-chez-la-muse-reve-une-parenthese-enchantee","status":"publish","type":"post","link":"https:\/\/www.lamusereve.fr\/index.php\/2026\/01\/16\/les-nuits-de-la-lecture-chez-la-muse-reve-une-parenthese-enchantee\/","title":{"rendered":"Les Nuits de la Lecture chez La muse r\u00eave : une parenth\u00e8se enchant\u00e9e"},"content":{"rendered":"\n<h2 class=\"wp-block-heading has-text-color has-link-color wp-elements-5ff37c2f625c4368da1664618386ce96\" style=\"color:#571e40\"><strong>Les 23 et 24 janvier 2026, plongez dans la magie des mots et de la nuit !<\/strong><\/h2>\n\n\n\n<figure class=\"wp-block-image alignwide size-full\"><img fetchpriority=\"high\" decoding=\"async\" width=\"1000\" height=\"1250\" src=\"https:\/\/www.lamusereve.fr\/wp-content\/uploads\/2026\/01\/POST-INSTA_1080x1350px-e1768576429615.jpg\" alt=\"\" class=\"wp-image-4057\"\/><\/figure>\n\n\n\n<div style=\"height:30px\" aria-hidden=\"true\" class=\"wp-block-spacer\"><\/div>\n\n\n\n<div class=\"wp-block-columns alignwide are-vertically-aligned-center is-layout-flex wp-container-core-columns-is-layout-9d6595d7 wp-block-columns-is-layout-flex\">\n<div class=\"wp-block-column is-vertically-aligned-center is-layout-flow wp-block-column-is-layout-flow\">\n<p class=\"has-text-color has-link-color wp-elements-09b433333cdb5d7fe04fed44ce783c49\" style=\"color:#188282;font-size:15px;line-height:2\"><strong>O\u00f9&nbsp;:<\/strong> La muse r\u00eave<\/p>\n<\/div>\n\n\n\n<div class=\"wp-block-column is-vertically-aligned-center is-layout-flow wp-block-column-is-layout-flow\">\n<p class=\"has-text-color has-link-color wp-elements-92feafe35327aae60f9134b4a5d7ca47\" style=\"color:#188282;font-size:15px;line-height:2\"><strong>Quand\u00a0:<\/strong> 23 janvier 2026, de 18h \u00e0 19h30 et 24 janvier de 17h \u00e0 18h30<\/p>\n<\/div>\n<\/div>\n\n\n\n<div style=\"height:20px\" aria-hidden=\"true\" class=\"wp-block-spacer\"><\/div>\n\n\n\n<p style=\"font-size:16px\">\u00c0 l&rsquo;occasion de l&rsquo;\u00e9v\u00e9nement national des <strong>Nuits de la Lecture<\/strong>, <strong>La muse r\u00eave<\/strong> vous ouvre ses portes pour deux soir\u00e9es exceptionnelles plac\u00e9es sous le signe de la <strong>douceur<\/strong> et de l&rsquo;<strong>imaginaire<\/strong>.<\/p>\n\n\n\n<p style=\"font-size:16px\">Sur le th\u00e8me national <strong>\u00ab\u00a0Villes et campagnes\u00a0\u00bb<\/strong>, et en \u00e9cho \u00e0 notre exposition actuelle sur les animaux de la nuit, venez partager un moment hors du temps en famille.<\/p>\n\n\n\n<h3 class=\"wp-block-heading\">\ud83d\udcd6  Au programme de ces nocturnes :<\/h3>\n\n\n\n<ul class=\"wp-block-list\">\n<li style=\"font-size:15px\"><strong>Lectures d&rsquo;albums jeunesse :<\/strong> Confortablement install\u00e9s, laissez-vous porter par des histoires voyageant entre l&rsquo;agitation lumineuse des villes et le calme \u00e9toil\u00e9 de nos campagnes. Des lectures choisies pour leur po\u00e9sie et leur esth\u00e9tique, faisant \u00e9cho \u00e0 l&rsquo;exposition actuelle de Violaine Costa <em>La nuit, la chouette et le soleil<\/em>.<\/li>\n\n\n\n<li style=\"font-size:15px\"><strong>Espace lecture &amp; cr\u00e9ativit\u00e9 en libre acc\u00e8s :<\/strong> Un coin douillet pour feuilleter vos albums pr\u00e9f\u00e9r\u00e9s, dessiner vos propres paysages nocturnes ou colorier les cr\u00e9atures de la for\u00eat.<\/li>\n\n\n\n<li style=\"font-size:15px\"><strong>Immersion sensorielle :<\/strong> Profitez de l&rsquo;exposition sous une lumi\u00e8re tamis\u00e9e, au son d&rsquo;une ambiance musicale douce m\u00ealant m\u00e9lodies apaisantes et bruits de la nature.<\/li>\n\n\n\n<li style=\"font-size:15px\"><strong>Douceurs et gourmandises :<\/strong> Pour parfaire ce moment de convivialit\u00e9, des petites douceurs et des boissons seront propos\u00e9es \u00e0 la d\u00e9gustation.<\/li>\n<\/ul>\n\n\n\n<div id=\"wp-block-themeisle-blocks-advanced-columns-f0d39e55\" class=\"wp-block-themeisle-blocks-advanced-columns alignfull has-3-columns has-desktop-equal-layout has-tablet-equal-layout has-mobile-collapsedRows-layout has-vertical-unset has-light-bg\"><div class=\"wp-block-themeisle-blocks-advanced-columns-overlay\"><\/div><div class=\"innerblocks-wrap\">\n<div id=\"wp-block-themeisle-blocks-advanced-column-a92486ee\" class=\"wp-block-themeisle-blocks-advanced-column has-light-bg\">\n<div id=\"wp-block-themeisle-blocks-font-awesome-icons-a8eb2801\" class=\"wp-block-themeisle-blocks-font-awesome-icons\"><span class=\"wp-block-themeisle-blocks-font-awesome-icons-container\"><i class=\"fas fa-book-reader\"><\/i><\/span><\/div>\n\n\n\n<h3 class=\"wp-block-heading has-text-color has-medium-font-size\" style=\"color:#6fc2be;margin-top:0px\">Lectures d&rsquo;albums<\/h3>\n\n\n\n<p class=\"has-text-color has-link-color wp-elements-0799233ed6fa455a23fbf8eb3167c098\" style=\"color:#070731;font-size:15px\">P&rsquo;tits bouts, parents, grands-parents, offrez-vous ensemble une exploration litt\u00e9raire nocturne en venant \u00e9couter des <strong>lectures d&rsquo;albums<\/strong> tout au long de la soir\u00e9e. Une belle s\u00e9lection de La muse r\u00eave pour plonger dans les <strong>myst\u00e8res de la nuit <\/strong>et <strong>explorer nos villes et campagnes <\/strong>\u00e0 la lueur des bougies !<\/p>\n<\/div>\n\n\n\n<div id=\"wp-block-themeisle-blocks-advanced-column-0c34f1ca\" class=\"wp-block-themeisle-blocks-advanced-column has-light-bg\">\n<div id=\"wp-block-themeisle-blocks-font-awesome-icons-a58203cd\" class=\"wp-block-themeisle-blocks-font-awesome-icons\"><span class=\"wp-block-themeisle-blocks-font-awesome-icons-container\"><i class=\"fas fa-pencil-alt\"><\/i><\/span><\/div>\n\n\n\n<h3 class=\"wp-block-heading has-text-color has-medium-font-size\" style=\"color:#f9d7d7;margin-top:0px\">Espace cr\u00e9atif libre<\/h3>\n\n\n\n<p class=\"has-text-color has-link-color wp-elements-c9d7dc4b77b3b9a8017d770f9dbaad4d\" style=\"color:#070731;font-size:15px\"><strong>Coloriages, albums jeunesse, mat\u00e9riel artistique, puzzles et autre petits jeux<\/strong> en tous genres&#8230; Vous trouverez forc\u00e9ment votre bonheur dans notre <strong>espace cr\u00e9atif en acc\u00e8s libre <\/strong>! Venez vous d\u00e9tendre en famille ou entre amis, avec grands et petits !<\/p>\n<\/div>\n\n\n\n<div id=\"wp-block-themeisle-blocks-advanced-column-df3a3bbe\" class=\"wp-block-themeisle-blocks-advanced-column has-light-bg\">\n<div id=\"wp-block-themeisle-blocks-font-awesome-icons-7b689dc6\" class=\"wp-block-themeisle-blocks-font-awesome-icons\"><span class=\"wp-block-themeisle-blocks-font-awesome-icons-container\"><i class=\"far fa-paper-plane\"><\/i><\/span><\/div>\n\n\n\n<h3 class=\"wp-block-heading has-text-color has-medium-font-size\" style=\"color:#e1b772;margin-top:0px\">Atelier origami<\/h3>\n\n\n\n<p class=\"has-text-color has-link-color wp-elements-64e391e2352ba7c6ee400f0b85573153\" style=\"color:#070731;font-size:15px\">Un <strong>marque-page<\/strong> qui cligne des yeux et qui en plus, tient tout seul en place dans ton livre ? Si si, c&rsquo;est possible ! Viens le fabriquer toi-m\u00eame <strong>vendredi 23<\/strong> et <strong>samedi 24 janvier <\/strong>chez <strong>La muse r\u00eave<\/strong> !<\/p>\n<\/div>\n<\/div><\/div>\n\n\n\n<div style=\"height:20px\" aria-hidden=\"true\" class=\"wp-block-spacer\"><\/div>\n\n\n\n<h3 class=\"wp-block-heading\">\ud83d\udd52  Horaires et infos pratiques :<\/h3>\n\n\n\n<ul class=\"wp-block-list\">\n<li style=\"font-size:15px\"><strong>Vendredi 23 janvier :<\/strong> Ouverture prolong\u00e9e jusqu&rsquo;\u00e0 <strong>19h30<\/strong>.<\/li>\n\n\n\n<li style=\"font-size:15px\"><strong>Samedi 24 janvier :<\/strong> Ouverture prolong\u00e9e jusqu&rsquo;\u00e0 <strong>18h30<\/strong>.<\/li>\n\n\n\n<li style=\"font-size:15px\"><strong>Public :<\/strong> Familles, enfants, r\u00eaveurs et r\u00eaveuses de tous \u00e2ges.<\/li>\n\n\n\n<li style=\"font-size:15px\"><strong>Tarif :<\/strong> Participation libre.<\/li>\n<\/ul>\n\n\n\n<p class=\"has-text-color has-link-color wp-elements-f085c3dafd553a522d7c6fe256b94673\" style=\"color:#571e40;font-size:15px\"><em><strong>Une invitation \u00e0 ralentir, \u00e0 \u00e9couter et \u00e0 cr\u00e9er, pour d\u00e9couvrir la nuit, la ville et la campagne comme vous ne les avez jamais entendues.<\/strong><\/em><\/p>\n\n\n\n<div style=\"height:20px\" aria-hidden=\"true\" class=\"wp-block-spacer\"><\/div>\n\n\n\n<figure class=\"wp-block-image size-large\"><img decoding=\"async\" width=\"1024\" height=\"768\" data-src=\"https:\/\/www.lamusereve.fr\/wp-content\/uploads\/2026\/01\/IMG_20260116_160516-1024x768.jpg\" alt=\"\" class=\"wp-image-4062 lazyload\" src=\"data:image\/svg+xml;base64,PHN2ZyB3aWR0aD0iMSIgaGVpZ2h0PSIxIiB4bWxucz0iaHR0cDovL3d3dy53My5vcmcvMjAwMC9zdmciPjwvc3ZnPg==\" style=\"--smush-placeholder-width: 1024px; --smush-placeholder-aspect-ratio: 1024\/768;\" \/><figcaption class=\"wp-element-caption\">Une partie de la s\u00e9lection \u00ab\u00a0Nuits de la Lecture\u00a0\u00bb 2026 de La muse r\u00eave<\/figcaption><\/figure>\n\n\n\n<div style=\"height:20px\" aria-hidden=\"true\" class=\"wp-block-spacer\"><\/div>\n\n\n\n<p>Pour profiter pleinement de ce moment, les invit\u00e9s suivants sont les bienvenus !<\/p>\n\n\n\n<ul class=\"wp-block-list\">\n<li>Doudou<\/li>\n\n\n\n<li>Coussin ou oreiller<\/li>\n\n\n\n<li>Petit plaid<\/li>\n<\/ul>\n\n\n\n<p>La muse r\u00eave peut vous mettre \u00e0 disposition : <\/p>\n\n\n\n<ul class=\"wp-block-list\">\n<li>Transat b\u00e9b\u00e9<\/li>\n\n\n\n<li>Petit matelas<\/li>\n\n\n\n<li>Topponcino<\/li>\n\n\n\n<li>Chauffe-biberon<\/li>\n\n\n\n<li>Micro-ondes<\/li>\n<\/ul>\n\n\n\n<div style=\"height:30px\" aria-hidden=\"true\" class=\"wp-block-spacer\"><\/div>\n\n\n\n<figure class=\"wp-block-image alignwide size-full\"><img decoding=\"async\" width=\"1500\" height=\"500\" data-src=\"https:\/\/www.lamusereve.fr\/wp-content\/uploads\/2026\/01\/BANNIERE-X_1500x500px.jpg\" alt=\"\" class=\"wp-image-4041 lazyload\" data-srcset=\"https:\/\/www.lamusereve.fr\/wp-content\/uploads\/2026\/01\/BANNIERE-X_1500x500px.jpg 1500w, https:\/\/www.lamusereve.fr\/wp-content\/uploads\/2026\/01\/BANNIERE-X_1500x500px-300x100.jpg 300w, https:\/\/www.lamusereve.fr\/wp-content\/uploads\/2026\/01\/BANNIERE-X_1500x500px-1024x341.jpg 1024w, https:\/\/www.lamusereve.fr\/wp-content\/uploads\/2026\/01\/BANNIERE-X_1500x500px-768x256.jpg 768w, https:\/\/www.lamusereve.fr\/wp-content\/uploads\/2026\/01\/BANNIERE-X_1500x500px-400x133.jpg 400w\" data-sizes=\"(max-width: 1500px) 100vw, 1500px\" src=\"data:image\/svg+xml;base64,PHN2ZyB3aWR0aD0iMSIgaGVpZ2h0PSIxIiB4bWxucz0iaHR0cDovL3d3dy53My5vcmcvMjAwMC9zdmciPjwvc3ZnPg==\" style=\"--smush-placeholder-width: 1500px; --smush-placeholder-aspect-ratio: 1500\/500;\" \/><figcaption class=\"wp-element-caption\">Cr\u00e9dit photo : \u00a9CNL<\/figcaption><\/figure>\n\n\n\n<div style=\"height:50px\" aria-hidden=\"true\" class=\"wp-block-spacer\"><\/div>\n\n\n\n<p><\/p>\n","protected":false},"excerpt":{"rendered":"<p>Les 23 et 24 janvier 2026, plongez dans la magie des mots et de la nuit ! O\u00f9&nbsp;: La muse r\u00eave Quand\u00a0: 23 janvier 2026, de 18h \u00e0 19h30 et 24 janvier de 17h \u00e0 18h30 \u00c0 l&rsquo;occasion de l&rsquo;\u00e9v\u00e9nement national des Nuits de la Lecture, La muse r\u00eave vous ouvre ses portes pour deux [&hellip;]<\/p>\n","protected":false},"author":2,"featured_media":0,"comment_status":"open","ping_status":"open","sticky":false,"template":"","format":"standard","meta":{"ocean_post_layout":"","ocean_both_sidebars_style":"","ocean_both_sidebars_content_width":0,"ocean_both_sidebars_sidebars_width":0,"ocean_sidebar":"","ocean_second_sidebar":"","ocean_disable_margins":"enable","ocean_add_body_class":"","ocean_shortcode_before_top_bar":"","ocean_shortcode_after_top_bar":"","ocean_shortcode_before_header":"","ocean_shortcode_after_header":"","ocean_has_shortcode":"","ocean_shortcode_after_title":"","ocean_shortcode_before_footer_widgets":"","ocean_shortcode_after_footer_widgets":"","ocean_shortcode_before_footer_bottom":"","ocean_shortcode_after_footer_bottom":"","ocean_display_top_bar":"default","ocean_display_header":"default","ocean_header_style":"","ocean_center_header_left_menu":"","ocean_custom_header_template":"","ocean_custom_logo":0,"ocean_custom_retina_logo":0,"ocean_custom_logo_max_width":0,"ocean_custom_logo_tablet_max_width":0,"ocean_custom_logo_mobile_max_width":0,"ocean_custom_logo_max_height":0,"ocean_custom_logo_tablet_max_height":0,"ocean_custom_logo_mobile_max_height":0,"ocean_header_custom_menu":"","ocean_menu_typo_font_family":"","ocean_menu_typo_font_subset":"","ocean_menu_typo_font_size":0,"ocean_menu_typo_font_size_tablet":0,"ocean_menu_typo_font_size_mobile":0,"ocean_menu_typo_font_size_unit":"px","ocean_menu_typo_font_weight":"","ocean_menu_typo_font_weight_tablet":"","ocean_menu_typo_font_weight_mobile":"","ocean_menu_typo_transform":"","ocean_menu_typo_transform_tablet":"","ocean_menu_typo_transform_mobile":"","ocean_menu_typo_line_height":0,"ocean_menu_typo_line_height_tablet":0,"ocean_menu_typo_line_height_mobile":0,"ocean_menu_typo_line_height_unit":"","ocean_menu_typo_spacing":0,"ocean_menu_typo_spacing_tablet":0,"ocean_menu_typo_spacing_mobile":0,"ocean_menu_typo_spacing_unit":"","ocean_menu_link_color":"","ocean_menu_link_color_hover":"","ocean_menu_link_color_active":"","ocean_menu_link_background":"","ocean_menu_link_hover_background":"","ocean_menu_link_active_background":"","ocean_menu_social_links_bg":"","ocean_menu_social_hover_links_bg":"","ocean_menu_social_links_color":"","ocean_menu_social_hover_links_color":"","ocean_disable_title":"default","ocean_disable_heading":"default","ocean_post_title":"","ocean_post_subheading":"","ocean_post_title_style":"","ocean_post_title_background_color":"","ocean_post_title_background":0,"ocean_post_title_bg_image_position":"","ocean_post_title_bg_image_attachment":"","ocean_post_title_bg_image_repeat":"","ocean_post_title_bg_image_size":"","ocean_post_title_height":0,"ocean_post_title_bg_overlay":0.5,"ocean_post_title_bg_overlay_color":"","ocean_disable_breadcrumbs":"default","ocean_breadcrumbs_color":"","ocean_breadcrumbs_separator_color":"","ocean_breadcrumbs_links_color":"","ocean_breadcrumbs_links_hover_color":"","ocean_display_footer_widgets":"default","ocean_display_footer_bottom":"default","ocean_custom_footer_template":"","_themeisle_gutenberg_block_has_review":false,"_jetpack_memberships_contains_paid_content":false,"ocean_post_oembed":"","ocean_post_self_hosted_media":"","ocean_post_video_embed":"","ocean_link_format":"","ocean_link_format_target":"self","ocean_quote_format":"","ocean_quote_format_link":"post","ocean_gallery_link_images":"on","ocean_gallery_id":[],"footnotes":""},"categories":[8],"tags":[122,66,119,53,112,58,121,120],"class_list":["post-4040","post","type-post","status-publish","format-standard","hentry","category-evenements","tag-activite-enfant","tag-activite-famille","tag-evenement","tag-exposition","tag-illustration","tag-lecture","tag-livre","tag-nuit","entry","owp-thumbs-layout-horizontal","owp-btn-normal","owp-tabs-layout-horizontal","has-no-thumbnails","has-product-nav","circle-sale"],"jetpack_featured_media_url":"","jetpack_sharing_enabled":true,"_links":{"self":[{"href":"https:\/\/www.lamusereve.fr\/index.php\/wp-json\/wp\/v2\/posts\/4040","targetHints":{"allow":["GET"]}}],"collection":[{"href":"https:\/\/www.lamusereve.fr\/index.php\/wp-json\/wp\/v2\/posts"}],"about":[{"href":"https:\/\/www.lamusereve.fr\/index.php\/wp-json\/wp\/v2\/types\/post"}],"author":[{"embeddable":true,"href":"https:\/\/www.lamusereve.fr\/index.php\/wp-json\/wp\/v2\/users\/2"}],"replies":[{"embeddable":true,"href":"https:\/\/www.lamusereve.fr\/index.php\/wp-json\/wp\/v2\/comments?post=4040"}],"version-history":[{"count":13,"href":"https:\/\/www.lamusereve.fr\/index.php\/wp-json\/wp\/v2\/posts\/4040\/revisions"}],"predecessor-version":[{"id":4067,"href":"https:\/\/www.lamusereve.fr\/index.php\/wp-json\/wp\/v2\/posts\/4040\/revisions\/4067"}],"wp:attachment":[{"href":"https:\/\/www.lamusereve.fr\/index.php\/wp-json\/wp\/v2\/media?parent=4040"}],"wp:term":[{"taxonomy":"category","embeddable":true,"href":"https:\/\/www.lamusereve.fr\/index.php\/wp-json\/wp\/v2\/categories?post=4040"},{"taxonomy":"post_tag","embeddable":true,"href":"https:\/\/www.lamusereve.fr\/index.php\/wp-json\/wp\/v2\/tags?post=4040"}],"curies":[{"name":"wp","href":"https:\/\/api.w.org\/{rel}","templated":true}]}}