{"id":2378,"date":"2025-05-27T10:33:44","date_gmt":"2025-05-27T08:33:44","guid":{"rendered":"https:\/\/www.lamusereve.fr\/?p=2378"},"modified":"2025-06-17T22:52:35","modified_gmt":"2025-06-17T20:52:35","slug":"la-muse-reve-en-fete","status":"publish","type":"post","link":"https:\/\/www.lamusereve.fr\/index.php\/2025\/05\/27\/la-muse-reve-en-fete\/","title":{"rendered":"La muse r\u00eave en f\u00eate !"},"content":{"rendered":"\n<h2 class=\"wp-block-heading has-text-color has-link-color wp-elements-11fc6ce4acd93068f7ad1929e1b55b36\" style=\"color:#571e40\">2 jours d&rsquo;animations pour l&rsquo;inauguration officielle de La muse r\u00eave<\/h2>\n\n\n\n<figure class=\"wp-block-image alignwide size-full\"><img fetchpriority=\"high\" decoding=\"async\" width=\"2560\" height=\"1920\" src=\"https:\/\/www.lamusereve.fr\/wp-content\/uploads\/2025\/05\/IMG_20250520_115518-scaled.jpg\" alt=\"\" class=\"wp-image-2388\" srcset=\"https:\/\/www.lamusereve.fr\/wp-content\/uploads\/2025\/05\/IMG_20250520_115518-scaled.jpg 2560w, https:\/\/www.lamusereve.fr\/wp-content\/uploads\/2025\/05\/IMG_20250520_115518-300x225.jpg 300w, https:\/\/www.lamusereve.fr\/wp-content\/uploads\/2025\/05\/IMG_20250520_115518-1024x768.jpg 1024w, https:\/\/www.lamusereve.fr\/wp-content\/uploads\/2025\/05\/IMG_20250520_115518-768x576.jpg 768w, https:\/\/www.lamusereve.fr\/wp-content\/uploads\/2025\/05\/IMG_20250520_115518-1536x1152.jpg 1536w, https:\/\/www.lamusereve.fr\/wp-content\/uploads\/2025\/05\/IMG_20250520_115518-2048x1536.jpg 2048w, https:\/\/www.lamusereve.fr\/wp-content\/uploads\/2025\/05\/IMG_20250520_115518-400x300.jpg 400w\" sizes=\"(max-width: 2560px) 100vw, 2560px\" \/><\/figure>\n\n\n\n<div class=\"wp-block-columns alignwide are-vertically-aligned-center is-layout-flex wp-container-core-columns-is-layout-9d6595d7 wp-block-columns-is-layout-flex\">\n<div class=\"wp-block-column is-vertically-aligned-center is-layout-flow wp-block-column-is-layout-flow\">\n<p class=\"has-text-color has-link-color wp-elements-393c4c449d15d526df83130e0adddb9f\" style=\"color:#188282;line-height:2\"><strong>Localisation&nbsp;:<\/strong> La muse r\u00eave, 32 rue Vieille Monnaie, Chamb\u00e9ry<\/p>\n<\/div>\n\n\n\n<div class=\"wp-block-column is-vertically-aligned-center is-layout-flow wp-block-column-is-layout-flow\">\n<p class=\"has-text-color has-link-color wp-elements-399c0d95798f633a4398364645fb9617\" style=\"color:#188282;line-height:2\"><strong>Date&nbsp;:<\/strong><br>24 et 25 septembre 2025<\/p>\n<\/div>\n\n\n\n<div class=\"wp-block-column is-vertically-aligned-center is-layout-flow wp-block-column-is-layout-flow\">\n<div class=\"wp-block-buttons is-layout-flex wp-block-buttons-is-layout-flex\">\n<div class=\"wp-block-button has-custom-width wp-block-button__width-100\"><a class=\"wp-block-button__link has-text-color has-background wp-element-button\" href=\"https:\/\/www.lamusereve.fr\/index.php\/contact\/\" style=\"color:#fde6d9;background-color:#188282\">Demandez votre invitation<\/a><\/div>\n<\/div>\n<\/div>\n<\/div>\n\n\n\n<div style=\"height:40px\" aria-hidden=\"true\" class=\"wp-block-spacer\"><\/div>\n\n\n\n<p style=\"font-size:18px\">Nous y sommes ! Apr\u00e8s des mois d&rsquo;efforts, de patience et d\u2019\u00e9changes, <strong>La muse r\u00eave<\/strong> est heureuse de vous convier \u00e0 son <strong>inauguration officielle et festive<\/strong> !<\/p>\n\n\n\n<p style=\"font-size:18px\">Ces deux journ\u00e9es, les <strong>mercredi 24 et jeudi 25 septembre 2025<\/strong>, marqueront le v\u00e9ritable envol de notre lieu, un espace d\u00e9di\u00e9 \u00e0 l&rsquo;\u00e9panouissement personnel et collectif par <strong>l&rsquo;art, la litt\u00e9rature et la cr\u00e9ativit\u00e9.<\/strong><\/p>\n\n\n\n<div style=\"height:40px\" aria-hidden=\"true\" class=\"wp-block-spacer\"><\/div>\n\n\n\n<hr class=\"wp-block-separator aligncenter has-alpha-channel-opacity\"\/>\n\n\n\n<h2 class=\"wp-block-heading\"><strong>Au programme de ces deux journ\u00e9es enchant\u00e9es<\/strong><\/h2>\n\n\n\n<p style=\"font-size:18px\">Pr\u00e9parez-vous \u00e0 2 journ\u00e9es riches en d\u00e9couvertes, en rencontres et en bonne humeur ! <\/p>\n\n\n\n<ul class=\"wp-block-list\">\n<li style=\"font-size:18px\">\ud83d\udd8d\ufe0f <strong>Fresque participative :<\/strong> Laissez votre empreinte et contribuez \u00e0 une \u0153uvre collective qui prendra vie sous nos yeux.<\/li>\n\n\n\n<li style=\"font-size:18px\">\ud83e\udde9 <strong>Espace cr\u00e9atif et ludique libre :<\/strong> Du mat\u00e9riel artistique, des livres et des jeux \u00e0 disposition pour laisser libre cours \u00e0 votre imagination et vous d\u00e9tendre, seul ou \u00e0 plusieurs.<\/li>\n\n\n\n<li style=\"font-size:18px\">\ud83d\udc69\ud83c\udffc\u200d\ud83c\udfa8 <strong>Mini-portraits en live :<\/strong> L&rsquo;artiste Lucille Duch\u00eane, alias Lucille Pattern, illustratrice et cr\u00e9atrice de motifs, sera pr\u00e9sente pour cr\u00e9er de po\u00e9tiques mini-portraits de vous, directement sur un joli papier et gliss\u00e9 ensuite sous blister : un souvenir unique de cette journ\u00e9e \u00e0 emporter chez vous ou \u00e0 offrir !<\/li>\n\n\n\n<li style=\"font-size:18px\">\ud83c\udf6a <strong>Buffet gourmand et illustr\u00e9 par\u2026 Lucille Pattern&nbsp;! :<\/strong> Vos papilles aussi seront \u00e0 la f\u00eate, avec un d\u00e9licieux buffet offrant des douceurs r\u00e9alis\u00e9es et sublim\u00e9es par les illustrations originales de l&rsquo;artiste, aussi p\u00e2tissi\u00e8re de talent, ainsi qu&rsquo;une s\u00e9lection de gourmandises d&rsquo;<strong>autres cr\u00e9ateurs et artisans locaux<\/strong> partenaires de l&rsquo;\u00e9v\u00e9nement.<\/li>\n<\/ul>\n\n\n\n<p style=\"font-size:18px\">Venez nombreux et nombreuses c\u00e9l\u00e9brer avec nous l\u2019\u00e9veil de La muse r\u00eave et partager des moments inoubliables. <\/p>\n\n\n\n<p style=\"font-size:18px\">Nous avons h\u00e2te de vous accueillir !&nbsp;\ud83d\ude00<\/p>\n\n\n\n<div style=\"height:40px\" aria-hidden=\"true\" class=\"wp-block-spacer\"><\/div>\n\n\n\n<hr class=\"wp-block-separator has-alpha-channel-opacity\"\/>\n\n\n\n<div class=\"wp-block-columns is-layout-flex wp-container-core-columns-is-layout-9d6595d7 wp-block-columns-is-layout-flex\">\n<div class=\"wp-block-column is-layout-flow wp-block-column-is-layout-flow\">\n<h2 class=\"wp-block-heading\"><strong>Nos valeurs au c\u0153ur de la f\u00eate<\/strong><\/h2>\n\n\n\n<p style=\"font-size:16px\">La muse r\u00eave est n\u00e9e de l&rsquo;envie de cr\u00e9er un lieu o\u00f9 chacun peut <strong>explorer sa cr\u00e9ativit\u00e9, partager ses passions et se connecter aux autres<\/strong>. <\/p>\n\n\n\n<p style=\"font-size:16px\">Nos missions ? <strong>Stimuler l&rsquo;imagination, favoriser l&rsquo;expression sous toutes ses formes et cultiver le bien-\u00eatre \u00e0 travers la culture<\/strong>. <\/p>\n\n\n\n<p style=\"font-size:16px\">Nous croyons au pouvoir de l\u2019art sous toutes ses formes, pour s\u2019\u00e9panouir, inspirer et rassembler.<\/p>\n<\/div>\n\n\n\n<div class=\"wp-block-column is-layout-flow wp-block-column-is-layout-flow\">\n<h2 class=\"wp-block-heading\"><strong>Un immense merci !<\/strong><\/h2>\n\n\n\n<p style=\"font-size:16px\">Ce projet n&rsquo;aurait jamais vu le jour sans le soutien ind\u00e9fectible de nombreuses personnes. Un immense <strong>MERCI<\/strong> \u00e0 vous tous et toutes qui avez cru en notre vision, nous avez accompagn\u00e9s, conseill\u00e9s et encourag\u00e9s. <\/p>\n\n\n\n<p style=\"font-size:16px\">Que vous soyez parents, ami\u00b7e\u00b7s, partenaires ou simples sympathisants, votre <strong>g\u00e9n\u00e9rosit\u00e9<\/strong> et votre <strong>enthousiasme<\/strong> ont \u00e9t\u00e9 les moteurs de cette belle aventure. Cette inauguration est aussi la v\u00f4tre !&nbsp;\ud83d\ude4f\ud83c\udffc<\/p>\n<\/div>\n<\/div>\n\n\n\n<hr class=\"wp-block-separator has-alpha-channel-opacity\"\/>\n\n\n\n<h2 class=\"wp-block-heading has-text-color has-link-color wp-elements-14943c4a68956d72a3f2bbbc4fb5577c\" style=\"color:#6fc2be\">Chers contributeurs, ch\u00e8res contributrices, MERCI !<\/h2>\n\n\n\n<p><strong>Esther\u00a0AFRIAT \u00b7 Shabnam ANVAR \u00b7 Marine\u00a0ARIAS MELLA \u00b7 Sa\u00efda BACCOUCHE \u00b7 Diane BATTEAU \u00b7 C\u00e9cile B\u00c9NOLIEL \u00b7 Margot BERNARD \u00b7 St\u00e9phanie BUIGUEZ \u00b7 Nedra CHERIF \u00b7 Annabelle COURTAUD \u00b7 Am\u00e9lie COUVREUR \u00b7 L\u00e9a DE PICCOLI \u00b7 Agn\u00e8s DEFOLY Christine DEFOLY \u00b7 Laetitia DERMAUX \u00b7 Mathilde FLORENT \u00b7 Marie FRANCESCHINI \u00b7 Maxime FROSSARD \u00b7 R\u00e9mi JOFFART \u00b7 Claira LALO \u00b7 Pauline LAMY \u00b7 Corinne LOUP \u00b7 Muriel MATHERON \u00b7 Sophie MAZLOUT \u00b7 Claire PASTOR \u00b7 \u00c9lodie PERRICHON \u00b7 Audrey POPINEAU \u00b7 Mica RABILLER \u00b7 Marc SARTON \u00b7 Evelyne SCALVENZI \u00b7 Claire\u00a0TANTIN \u00b7 Sylvie WUILMOT<\/strong><\/p>\n\n\n\n<div style=\"height:50px\" aria-hidden=\"true\" class=\"wp-block-spacer\"><\/div>\n\n\n\n<p><\/p>\n","protected":false},"excerpt":{"rendered":"<p>2 jours d&rsquo;animations pour l&rsquo;inauguration officielle de La muse r\u00eave Localisation&nbsp;: La muse r\u00eave, 32 rue Vieille Monnaie, Chamb\u00e9ry Date&nbsp;:24 et 25 septembre 2025 Nous y sommes ! Apr\u00e8s des mois d&rsquo;efforts, de patience et d\u2019\u00e9changes, La muse r\u00eave est heureuse de vous convier \u00e0 son inauguration officielle et festive ! Ces deux journ\u00e9es, les [&hellip;]<\/p>\n","protected":false},"author":2,"featured_media":0,"comment_status":"open","ping_status":"open","sticky":false,"template":"","format":"standard","meta":{"ocean_post_layout":"","ocean_both_sidebars_style":"","ocean_both_sidebars_content_width":0,"ocean_both_sidebars_sidebars_width":0,"ocean_sidebar":"","ocean_second_sidebar":"","ocean_disable_margins":"enable","ocean_add_body_class":"","ocean_shortcode_before_top_bar":"","ocean_shortcode_after_top_bar":"","ocean_shortcode_before_header":"","ocean_shortcode_after_header":"","ocean_has_shortcode":"","ocean_shortcode_after_title":"","ocean_shortcode_before_footer_widgets":"","ocean_shortcode_after_footer_widgets":"","ocean_shortcode_before_footer_bottom":"","ocean_shortcode_after_footer_bottom":"","ocean_display_top_bar":"default","ocean_display_header":"default","ocean_header_style":"","ocean_center_header_left_menu":"","ocean_custom_header_template":"","ocean_custom_logo":0,"ocean_custom_retina_logo":0,"ocean_custom_logo_max_width":0,"ocean_custom_logo_tablet_max_width":0,"ocean_custom_logo_mobile_max_width":0,"ocean_custom_logo_max_height":0,"ocean_custom_logo_tablet_max_height":0,"ocean_custom_logo_mobile_max_height":0,"ocean_header_custom_menu":"","ocean_menu_typo_font_family":"","ocean_menu_typo_font_subset":"","ocean_menu_typo_font_size":0,"ocean_menu_typo_font_size_tablet":0,"ocean_menu_typo_font_size_mobile":0,"ocean_menu_typo_font_size_unit":"px","ocean_menu_typo_font_weight":"","ocean_menu_typo_font_weight_tablet":"","ocean_menu_typo_font_weight_mobile":"","ocean_menu_typo_transform":"","ocean_menu_typo_transform_tablet":"","ocean_menu_typo_transform_mobile":"","ocean_menu_typo_line_height":0,"ocean_menu_typo_line_height_tablet":0,"ocean_menu_typo_line_height_mobile":0,"ocean_menu_typo_line_height_unit":"","ocean_menu_typo_spacing":0,"ocean_menu_typo_spacing_tablet":0,"ocean_menu_typo_spacing_mobile":0,"ocean_menu_typo_spacing_unit":"","ocean_menu_link_color":"","ocean_menu_link_color_hover":"","ocean_menu_link_color_active":"","ocean_menu_link_background":"","ocean_menu_link_hover_background":"","ocean_menu_link_active_background":"","ocean_menu_social_links_bg":"","ocean_menu_social_hover_links_bg":"","ocean_menu_social_links_color":"","ocean_menu_social_hover_links_color":"","ocean_disable_title":"default","ocean_disable_heading":"default","ocean_post_title":"","ocean_post_subheading":"","ocean_post_title_style":"","ocean_post_title_background_color":"","ocean_post_title_background":0,"ocean_post_title_bg_image_position":"","ocean_post_title_bg_image_attachment":"","ocean_post_title_bg_image_repeat":"","ocean_post_title_bg_image_size":"","ocean_post_title_height":0,"ocean_post_title_bg_overlay":0.5,"ocean_post_title_bg_overlay_color":"","ocean_disable_breadcrumbs":"default","ocean_breadcrumbs_color":"","ocean_breadcrumbs_separator_color":"","ocean_breadcrumbs_links_color":"","ocean_breadcrumbs_links_hover_color":"","ocean_display_footer_widgets":"default","ocean_display_footer_bottom":"default","ocean_custom_footer_template":"","_themeisle_gutenberg_block_has_review":false,"_jetpack_memberships_contains_paid_content":false,"ocean_post_oembed":"","ocean_post_self_hosted_media":"","ocean_post_video_embed":"","ocean_link_format":"","ocean_link_format_target":"self","ocean_quote_format":"","ocean_quote_format_link":"post","ocean_gallery_link_images":"on","ocean_gallery_id":[],"footnotes":""},"categories":[8],"tags":[],"class_list":["post-2378","post","type-post","status-publish","format-standard","hentry","category-evenements","entry","owp-thumbs-layout-horizontal","owp-btn-normal","owp-tabs-layout-horizontal","has-no-thumbnails","has-product-nav","circle-sale"],"jetpack_featured_media_url":"","jetpack_sharing_enabled":true,"_links":{"self":[{"href":"https:\/\/www.lamusereve.fr\/index.php\/wp-json\/wp\/v2\/posts\/2378","targetHints":{"allow":["GET"]}}],"collection":[{"href":"https:\/\/www.lamusereve.fr\/index.php\/wp-json\/wp\/v2\/posts"}],"about":[{"href":"https:\/\/www.lamusereve.fr\/index.php\/wp-json\/wp\/v2\/types\/post"}],"author":[{"embeddable":true,"href":"https:\/\/www.lamusereve.fr\/index.php\/wp-json\/wp\/v2\/users\/2"}],"replies":[{"embeddable":true,"href":"https:\/\/www.lamusereve.fr\/index.php\/wp-json\/wp\/v2\/comments?post=2378"}],"version-history":[{"count":8,"href":"https:\/\/www.lamusereve.fr\/index.php\/wp-json\/wp\/v2\/posts\/2378\/revisions"}],"predecessor-version":[{"id":2478,"href":"https:\/\/www.lamusereve.fr\/index.php\/wp-json\/wp\/v2\/posts\/2378\/revisions\/2478"}],"wp:attachment":[{"href":"https:\/\/www.lamusereve.fr\/index.php\/wp-json\/wp\/v2\/media?parent=2378"}],"wp:term":[{"taxonomy":"category","embeddable":true,"href":"https:\/\/www.lamusereve.fr\/index.php\/wp-json\/wp\/v2\/categories?post=2378"},{"taxonomy":"post_tag","embeddable":true,"href":"https:\/\/www.lamusereve.fr\/index.php\/wp-json\/wp\/v2\/tags?post=2378"}],"curies":[{"name":"wp","href":"https:\/\/api.w.org\/{rel}","templated":true}]}}