{"id":2176,"date":"2025-05-20T16:07:35","date_gmt":"2025-05-20T14:07:35","guid":{"rendered":"https:\/\/www.lamusereve.fr\/?p=2176"},"modified":"2025-05-22T23:43:38","modified_gmt":"2025-05-22T21:43:38","slug":"week-end-evenement-23-24-mai-2025","status":"publish","type":"post","link":"https:\/\/www.lamusereve.fr\/index.php\/2025\/05\/20\/week-end-evenement-23-24-mai-2025\/","title":{"rendered":"Week-end \u00e9v\u00e9nement 23-24 mai 2025"},"content":{"rendered":"\n<h2 class=\"wp-block-heading has-text-color has-link-color wp-elements-08bf48460d0c365eea1026430b40d2d9\" style=\"color:#571e40\">Programme sp\u00e9cial F\u00eate des M\u00e8res et Festival du Premier Roman<\/h2>\n\n\n\n<figure class=\"wp-block-image alignwide size-full\"><img decoding=\"async\" data-src=\"https:\/\/www.lamusereve.fr\/wp-content\/uploads\/2025\/05\/nurse-sitting-with-kids-reading-book-scaled.jpg\" alt=\"\" class=\"wp-image-2157 lazyload\" src=\"data:image\/svg+xml;base64,PHN2ZyB3aWR0aD0iMSIgaGVpZ2h0PSIxIiB4bWxucz0iaHR0cDovL3d3dy53My5vcmcvMjAwMC9zdmciPjwvc3ZnPg==\" \/><\/figure>\n\n\n\n<p class=\"has-text-color has-link-color wp-elements-4003209a05548cfe1a3b1d2b1050bd0f\" style=\"color:#571e40;font-size:16px\"><strong>Avec Azza, m\u00e9diatrice culturelle, fondatrice et directrice de La muse r\u00eave<\/strong><\/p>\n\n\n\n<p style=\"font-size:16px\">Pour ce week-end tr\u00e8s sp\u00e9cial, Azza vous a concoct\u00e9 un programme aux petits oignons !<\/p>\n\n\n\n<div id=\"wp-block-themeisle-blocks-icon-list-dca29b2b\" class=\"wp-block-themeisle-blocks-icon-list\">\n<div id=\"wp-block-themeisle-blocks-icon-list-item-28dc67aa\" class=\"wp-block-themeisle-blocks-icon-list-item\"><i class=\"fas fa-child wp-block-themeisle-blocks-icon-list-item-icon-custom\"><\/i><p class=\"wp-block-themeisle-blocks-icon-list-item-content-custom\"><strong>Vendredi 23 mai 2025 : ateliers Babymuse et Minimuse (cliquez sur le bouton en bas pour vous inscrire)<\/strong><\/p><\/div>\n\n\n\n<div id=\"wp-block-themeisle-blocks-icon-list-item-0c353978\" class=\"wp-block-themeisle-blocks-icon-list-item\"><i class=\"fas fa-gift wp-block-themeisle-blocks-icon-list-item-icon-custom\"><\/i><p class=\"wp-block-themeisle-blocks-icon-list-item-content-custom\"><strong>Samedi 24 mai 2025 : animations offertes <\/strong><\/p><\/div>\n<\/div>\n\n\n\n<div style=\"height:20px\" aria-hidden=\"true\" class=\"wp-block-spacer\"><\/div>\n\n\n\n<p style=\"font-size:16px\">La muse r\u00eave n&rsquo;est pas encore partenaire du <strong><a href=\"https:\/\/www.lecturesplurielles.com\/\">Festival du Premier Roman<\/a><\/strong>, mais cela ne saurait tarder ! Et comme un objet nous r\u00e9unit d\u00e9j\u00e0 &#8211; le LIVRE &#8211; il est normal que l&rsquo;on vous propose de plonger ensemble dans le grand bain de l&rsquo;art&#8230; des mots et des images !<\/p>\n\n\n\n<p style=\"font-size:16px\">C&rsquo;est pourquoi La muse r\u00eave vous invite, <strong>samedi 24 mai<\/strong>, \u00e0 profiter entre petits et grands d&rsquo;une palette d&rsquo;animations compos\u00e9e sp\u00e9cialement pour l&rsquo;occasion :<\/p>\n\n\n\n<div id=\"wp-block-themeisle-blocks-advanced-columns-f0d39e55\" class=\"wp-block-themeisle-blocks-advanced-columns alignfull has-3-columns has-desktop-equal-layout has-tablet-equal-layout has-mobile-collapsedRows-layout has-vertical-unset has-light-bg\"><div class=\"wp-block-themeisle-blocks-advanced-columns-overlay\"><\/div><div class=\"innerblocks-wrap\">\n<div id=\"wp-block-themeisle-blocks-advanced-column-df3a3bbe\" class=\"wp-block-themeisle-blocks-advanced-column has-light-bg\">\n<div id=\"wp-block-themeisle-blocks-font-awesome-icons-7b689dc6\" class=\"wp-block-themeisle-blocks-font-awesome-icons\"><span class=\"wp-block-themeisle-blocks-font-awesome-icons-container\"><i class=\"far fa-paper-plane\"><\/i><\/span><\/div>\n\n\n\n<h3 class=\"wp-block-heading has-text-color has-medium-font-size\" style=\"color:#e1b772;margin-top:0px\">Atelier origami<\/h3>\n\n\n\n<p class=\"has-text-color has-link-color wp-elements-372f09f3f86edc3261a3776823f68f78\" style=\"color:#070731;font-size:15px\">Un <strong>marque-page<\/strong> qui cligne des yeux et qui en plus, tient tout seul en place dans ton livre ? Si si, c&rsquo;est possible ! Viens le fabriquer toi-m\u00eame ce <strong>samedi 24 mai <\/strong>chez <strong>La muse r\u00eave<\/strong> !<\/p>\n<\/div>\n\n\n\n<div id=\"wp-block-themeisle-blocks-advanced-column-a92486ee\" class=\"wp-block-themeisle-blocks-advanced-column has-light-bg\">\n<div id=\"wp-block-themeisle-blocks-font-awesome-icons-a8eb2801\" class=\"wp-block-themeisle-blocks-font-awesome-icons\"><span class=\"wp-block-themeisle-blocks-font-awesome-icons-container\"><i class=\"fas fa-book-reader\"><\/i><\/span><\/div>\n\n\n\n<h3 class=\"wp-block-heading has-text-color has-medium-font-size\" style=\"color:#6fc2be;margin-top:0px\">Lectures d&rsquo;albums<\/h3>\n\n\n\n<p class=\"has-text-color has-link-color wp-elements-550036d97070d2a5d02fff69ec9d9aca\" style=\"color:#070731;font-size:15px\">Avec maman, papa, les p&rsquo;tits bouts ou vous-m\u00eame, offrez-vous une pause litt\u00e9raire en venant \u00e9couter des <strong>lectures d&rsquo;albums<\/strong> tout au long de la journ\u00e9e. Une s\u00e9lection d&rsquo;ouvrages hauts en couleurs pour c\u00e9l\u00e9brer les <strong>mamans<\/strong> et savourer le <strong>printemps<\/strong> !<\/p>\n<\/div>\n\n\n\n<div id=\"wp-block-themeisle-blocks-advanced-column-0c34f1ca\" class=\"wp-block-themeisle-blocks-advanced-column has-light-bg\">\n<div id=\"wp-block-themeisle-blocks-font-awesome-icons-a58203cd\" class=\"wp-block-themeisle-blocks-font-awesome-icons\"><span class=\"wp-block-themeisle-blocks-font-awesome-icons-container\"><i class=\"fas fa-pencil-alt\"><\/i><\/span><\/div>\n\n\n\n<h3 class=\"wp-block-heading has-text-color has-medium-font-size\" style=\"color:#f9d7d7;margin-top:0px\">Espace cr\u00e9atif libre<\/h3>\n\n\n\n<p class=\"has-text-color has-link-color wp-elements-8a80dd812eb33a71d352e1b7e0b35923\" style=\"color:#070731;font-size:15px\"><strong>Coloriages, albums jeunesse, mat\u00e9riel cr\u00e9atif, puzzles et autre petits jeux<\/strong> en tous genres&#8230; Vous trouverez forc\u00e9ment votre bonheur dans notre <strong>espace cr\u00e9atif en acc\u00e8s libre <\/strong>! Venez prendre un bain artistique et ludique en famille ou entre amis, avec grands et petits !<\/p>\n<\/div>\n<\/div><\/div>\n\n\n\n<div class=\"wp-block-columns alignwide are-vertically-aligned-center is-layout-flex wp-container-core-columns-is-layout-9d6595d7 wp-block-columns-is-layout-flex\">\n<div class=\"wp-block-column is-vertically-aligned-center is-layout-flow wp-block-column-is-layout-flow\">\n<p class=\"has-text-color has-link-color wp-elements-91ab05c6acf42f654bd10bebfecf37f1\" style=\"color:#188282;font-size:15px;line-height:2\"><strong>O\u00f9&nbsp;:<\/strong> chez La muse r\u00eave<\/p>\n<\/div>\n\n\n\n<div class=\"wp-block-column is-vertically-aligned-center is-layout-flow wp-block-column-is-layout-flow\">\n<p class=\"has-text-color has-link-color wp-elements-b3bcbb024adae270a5bc33cc5f25a763\" style=\"color:#188282;font-size:15px;line-height:2\"><strong>Quand&nbsp;:<\/strong><br>23 et 24 mai 2025<\/p>\n<\/div>\n\n\n\n<div class=\"wp-block-column is-vertically-aligned-center is-layout-flow wp-block-column-is-layout-flow\">\n<div class=\"wp-block-buttons is-layout-flex wp-block-buttons-is-layout-flex\">\n<div class=\"wp-block-button has-custom-width wp-block-button__width-100\"><a class=\"wp-block-button__link has-text-color has-background wp-element-button\" href=\"https:\/\/www.lamusereve.fr\/index.php\/produit\/inscription-pour-latelier-babymuse-0-3-ans\/\" style=\"color:#fde6d9;background-color:#188282\">Je r\u00e9serve un atelier Babymuse le vendredi 23 mai<\/a><\/div>\n\n\n\n<div class=\"wp-block-button has-custom-width wp-block-button__width-100\"><a class=\"wp-block-button__link has-text-color has-background wp-element-button\" href=\"https:\/\/www.lamusereve.fr\/index.php\/produit\/inscription-pour-latelier-minimuse-2-3-ans\/\" style=\"color:#fde6d9;background-color:#188282\">Je r\u00e9serve un atelier Minimuse le vendredi 23 mai<\/a><\/div>\n<\/div>\n<\/div>\n<\/div>\n\n\n\n<div style=\"height:50px\" aria-hidden=\"true\" class=\"wp-block-spacer\"><\/div>\n\n\n\n<p>Pour profiter pleinement de ce moment, les invit\u00e9s suivants sont les bienvenus !<\/p>\n\n\n\n<ul class=\"wp-block-list\">\n<li>Doudou<\/li>\n\n\n\n<li>Coussin ou oreiller<\/li>\n\n\n\n<li>Petit plaid<\/li>\n\n\n\n<li>\u00c9charpe de portage ou porte-b\u00e9b\u00e9<\/li>\n<\/ul>\n\n\n\n<p>La muse r\u00eave peut vous mettre \u00e0 disposition : <\/p>\n\n\n\n<ul class=\"wp-block-list\">\n<li>Transat b\u00e9b\u00e9<\/li>\n\n\n\n<li>Petit matelas<\/li>\n\n\n\n<li>Topponcino<\/li>\n\n\n\n<li>Coussin d&rsquo;allaitement<\/li>\n<\/ul>\n\n\n\n<div style=\"height:70px\" aria-hidden=\"true\" class=\"wp-block-spacer\"><\/div>\n\n\n\n<p><\/p>\n","protected":false},"excerpt":{"rendered":"<p>Programme sp\u00e9cial F\u00eate des M\u00e8res et Festival du Premier Roman Avec Azza, m\u00e9diatrice culturelle, fondatrice et directrice de La muse r\u00eave Pour ce week-end tr\u00e8s sp\u00e9cial, Azza vous a concoct\u00e9 un programme aux petits oignons ! La muse r\u00eave n&rsquo;est pas encore partenaire du Festival du Premier Roman, mais cela ne saurait tarder ! Et [&hellip;]<\/p>\n","protected":false},"author":2,"featured_media":0,"comment_status":"open","ping_status":"open","sticky":false,"template":"","format":"standard","meta":{"ocean_post_layout":"","ocean_both_sidebars_style":"","ocean_both_sidebars_content_width":0,"ocean_both_sidebars_sidebars_width":0,"ocean_sidebar":"","ocean_second_sidebar":"","ocean_disable_margins":"enable","ocean_add_body_class":"","ocean_shortcode_before_top_bar":"","ocean_shortcode_after_top_bar":"","ocean_shortcode_before_header":"","ocean_shortcode_after_header":"","ocean_has_shortcode":"","ocean_shortcode_after_title":"","ocean_shortcode_before_footer_widgets":"","ocean_shortcode_after_footer_widgets":"","ocean_shortcode_before_footer_bottom":"","ocean_shortcode_after_footer_bottom":"","ocean_display_top_bar":"default","ocean_display_header":"default","ocean_header_style":"","ocean_center_header_left_menu":"","ocean_custom_header_template":"","ocean_custom_logo":0,"ocean_custom_retina_logo":0,"ocean_custom_logo_max_width":0,"ocean_custom_logo_tablet_max_width":0,"ocean_custom_logo_mobile_max_width":0,"ocean_custom_logo_max_height":0,"ocean_custom_logo_tablet_max_height":0,"ocean_custom_logo_mobile_max_height":0,"ocean_header_custom_menu":"","ocean_menu_typo_font_family":"","ocean_menu_typo_font_subset":"","ocean_menu_typo_font_size":0,"ocean_menu_typo_font_size_tablet":0,"ocean_menu_typo_font_size_mobile":0,"ocean_menu_typo_font_size_unit":"px","ocean_menu_typo_font_weight":"","ocean_menu_typo_font_weight_tablet":"","ocean_menu_typo_font_weight_mobile":"","ocean_menu_typo_transform":"","ocean_menu_typo_transform_tablet":"","ocean_menu_typo_transform_mobile":"","ocean_menu_typo_line_height":0,"ocean_menu_typo_line_height_tablet":0,"ocean_menu_typo_line_height_mobile":0,"ocean_menu_typo_line_height_unit":"","ocean_menu_typo_spacing":0,"ocean_menu_typo_spacing_tablet":0,"ocean_menu_typo_spacing_mobile":0,"ocean_menu_typo_spacing_unit":"","ocean_menu_link_color":"","ocean_menu_link_color_hover":"","ocean_menu_link_color_active":"","ocean_menu_link_background":"","ocean_menu_link_hover_background":"","ocean_menu_link_active_background":"","ocean_menu_social_links_bg":"","ocean_menu_social_hover_links_bg":"","ocean_menu_social_links_color":"","ocean_menu_social_hover_links_color":"","ocean_disable_title":"default","ocean_disable_heading":"default","ocean_post_title":"","ocean_post_subheading":"","ocean_post_title_style":"","ocean_post_title_background_color":"","ocean_post_title_background":0,"ocean_post_title_bg_image_position":"","ocean_post_title_bg_image_attachment":"","ocean_post_title_bg_image_repeat":"","ocean_post_title_bg_image_size":"","ocean_post_title_height":0,"ocean_post_title_bg_overlay":0.5,"ocean_post_title_bg_overlay_color":"","ocean_disable_breadcrumbs":"default","ocean_breadcrumbs_color":"","ocean_breadcrumbs_separator_color":"","ocean_breadcrumbs_links_color":"","ocean_breadcrumbs_links_hover_color":"","ocean_display_footer_widgets":"default","ocean_display_footer_bottom":"default","ocean_custom_footer_template":"","_themeisle_gutenberg_block_has_review":false,"_jetpack_memberships_contains_paid_content":false,"ocean_post_oembed":"","ocean_post_self_hosted_media":"","ocean_post_video_embed":"","ocean_link_format":"","ocean_link_format_target":"self","ocean_quote_format":"","ocean_quote_format_link":"post","ocean_gallery_link_images":"on","ocean_gallery_id":[],"footnotes":""},"categories":[8],"tags":[66,60,63,61,65,64,54,68,58,59,57,56],"class_list":["post-2176","post","type-post","status-publish","format-standard","hentry","category-evenements","tag-activite-famille","tag-album-jeunesse","tag-atelier","tag-familles","tag-festival-du-premier-roman","tag-fete-des-meres","tag-illustration-jeunesse","tag-jeux","tag-lecture","tag-livre-jeunesse","tag-origami","tag-parents","entry","owp-thumbs-layout-horizontal","owp-btn-normal","owp-tabs-layout-horizontal","has-no-thumbnails","has-product-nav","circle-sale"],"jetpack_featured_media_url":"","jetpack_sharing_enabled":true,"_links":{"self":[{"href":"https:\/\/www.lamusereve.fr\/index.php\/wp-json\/wp\/v2\/posts\/2176","targetHints":{"allow":["GET"]}}],"collection":[{"href":"https:\/\/www.lamusereve.fr\/index.php\/wp-json\/wp\/v2\/posts"}],"about":[{"href":"https:\/\/www.lamusereve.fr\/index.php\/wp-json\/wp\/v2\/types\/post"}],"author":[{"embeddable":true,"href":"https:\/\/www.lamusereve.fr\/index.php\/wp-json\/wp\/v2\/users\/2"}],"replies":[{"embeddable":true,"href":"https:\/\/www.lamusereve.fr\/index.php\/wp-json\/wp\/v2\/comments?post=2176"}],"version-history":[{"count":11,"href":"https:\/\/www.lamusereve.fr\/index.php\/wp-json\/wp\/v2\/posts\/2176\/revisions"}],"predecessor-version":[{"id":2344,"href":"https:\/\/www.lamusereve.fr\/index.php\/wp-json\/wp\/v2\/posts\/2176\/revisions\/2344"}],"wp:attachment":[{"href":"https:\/\/www.lamusereve.fr\/index.php\/wp-json\/wp\/v2\/media?parent=2176"}],"wp:term":[{"taxonomy":"category","embeddable":true,"href":"https:\/\/www.lamusereve.fr\/index.php\/wp-json\/wp\/v2\/categories?post=2176"},{"taxonomy":"post_tag","embeddable":true,"href":"https:\/\/www.lamusereve.fr\/index.php\/wp-json\/wp\/v2\/tags?post=2176"}],"curies":[{"name":"wp","href":"https:\/\/api.w.org\/{rel}","templated":true}]}}